{"id":196,"date":"2021-04-16T14:55:34","date_gmt":"2021-04-16T14:55:34","guid":{"rendered":"https:\/\/omassahuoneessa.fi\/blogi\/?p=196"},"modified":"2021-07-30T03:06:52","modified_gmt":"2021-07-30T03:06:52","slug":"yksityisyyden-henkilo","status":"publish","type":"post","link":"https:\/\/omassahuoneessa.fi\/blogi\/kirjoittamispaivakirja\/yksityisyyden-henkilo\/","title":{"rendered":"Yksityisyyden henkil\u00f6"},"content":{"rendered":"\n<p>Luin t\u00e4n\u00e4\u00e4n aamulla er\u00e4\u00e4n kirjailijan lehtihaastettelua. H\u00e4n mainitsi, ett\u00e4 h\u00e4n ja ja h\u00e4nen vaimonsa ovat molemma julkisuuden henkil\u00f6it\u00e4. <\/p>\n\n\n\n<p>Julkisuuden henkil\u00f6. <\/p>\n\n\n\n<p>Se kuulostaa minusta hieman pelottavalta. Min\u00e4 en miss\u00e4\u00e4n nimess\u00e4, en koskaan haluaisi joutua julkisuuden henkil\u00f6ksi. Aion tehd\u00e4 kaikkeni, jotta saan aina pysytell\u00e4 yksityisyyden henkil\u00f6in\u00e4. Ja sellaisille ihmisille haluan antaa omissa tarinoissani \u00e4\u00e4nen. <\/p>\n","protected":false},"excerpt":{"rendered":"<p>Luin t\u00e4n\u00e4\u00e4n aamulla er\u00e4\u00e4n kirjailijan lehtihaastettelua. H\u00e4n mainitsi, ett\u00e4 h\u00e4n ja ja h\u00e4nen vaimonsa ovat molemma julkisuuden henkil\u00f6it\u00e4. Julkisuuden henkil\u00f6. Se kuulostaa minusta hieman pelottavalta. Min\u00e4 en miss\u00e4\u00e4n nimess\u00e4, en koskaan haluaisi joutua julkisuuden henkil\u00f6ksi. Aion tehd\u00e4 kaikkeni, jotta saan aina pysytell\u00e4 yksityisyyden henkil\u00f6in\u00e4. Ja sellaisille ihmisille haluan antaa omissa tarinoissani \u00e4\u00e4nen.<\/p>\n","protected":false},"author":1,"featured_media":197,"comment_status":"open","ping_status":"open","sticky":false,"template":"","format":"standard","meta":{"_bbp_topic_count":0,"_bbp_reply_count":0,"_bbp_total_topic_count":0,"_bbp_total_reply_count":0,"_bbp_voice_count":0,"_bbp_anonymous_reply_count":0,"_bbp_topic_count_hidden":0,"_bbp_reply_count_hidden":0,"_bbp_forum_subforum_count":0,"footnotes":""},"categories":[5],"tags":[40,41],"class_list":["post-196","post","type-post","status-publish","format-standard","has-post-thumbnail","hentry","category-kirjoittamispaivakirja","tag-julkisuus","tag-yksityisyys"],"_links":{"self":[{"href":"https:\/\/omassahuoneessa.fi\/blogi\/wp-json\/wp\/v2\/posts\/196","targetHints":{"allow":["GET"]}}],"collection":[{"href":"https:\/\/omassahuoneessa.fi\/blogi\/wp-json\/wp\/v2\/posts"}],"about":[{"href":"https:\/\/omassahuoneessa.fi\/blogi\/wp-json\/wp\/v2\/types\/post"}],"author":[{"embeddable":true,"href":"https:\/\/omassahuoneessa.fi\/blogi\/wp-json\/wp\/v2\/users\/1"}],"replies":[{"embeddable":true,"href":"https:\/\/omassahuoneessa.fi\/blogi\/wp-json\/wp\/v2\/comments?post=196"}],"version-history":[{"count":1,"href":"https:\/\/omassahuoneessa.fi\/blogi\/wp-json\/wp\/v2\/posts\/196\/revisions"}],"predecessor-version":[{"id":198,"href":"https:\/\/omassahuoneessa.fi\/blogi\/wp-json\/wp\/v2\/posts\/196\/revisions\/198"}],"wp:featuredmedia":[{"embeddable":true,"href":"https:\/\/omassahuoneessa.fi\/blogi\/wp-json\/wp\/v2\/media\/197"}],"wp:attachment":[{"href":"https:\/\/omassahuoneessa.fi\/blogi\/wp-json\/wp\/v2\/media?parent=196"}],"wp:term":[{"taxonomy":"category","embeddable":true,"href":"https:\/\/omassahuoneessa.fi\/blogi\/wp-json\/wp\/v2\/categories?post=196"},{"taxonomy":"post_tag","embeddable":true,"href":"https:\/\/omassahuoneessa.fi\/blogi\/wp-json\/wp\/v2\/tags?post=196"}],"curies":[{"name":"wp","href":"https:\/\/api.w.org\/{rel}","templated":true}]}}